{"id":414,"date":"2021-02-05T13:05:00","date_gmt":"2021-02-05T10:05:00","guid":{"rendered":"http:\/\/yeni.blogfatos.com\/?p=414"},"modified":"2021-02-08T19:20:39","modified_gmt":"2021-02-08T16:20:39","slug":"el-zanaati-olan-comlekcilik-mesleginin-yeniden-canlandirilmasi-icin-calismalar-basladi","status":"publish","type":"post","link":"https:\/\/nrtgayrimenkul.com.tr\/nrtblog\/el-zanaati-olan-comlekcilik-mesleginin-yeniden-canlandirilmasi-icin-calismalar-basladi\/","title":{"rendered":"El Zanaat\u0131 Olan \u00c7\u00f6mlek\u00e7ilik Mesle\u011finin Yeniden Canland\u0131r\u0131lmas\u0131 i\u00e7in \u00c7al\u0131\u015fmalar Ba\u015flad\u0131."},"content":{"rendered":"<p><img loading=\"lazy\" decoding=\"async\" class=\"alignnone size-full wp-image-416\" src=\"https:\/\/nrtgayrimenkul.com.tr\/nrtblog\/wp-content\/uploads\/2021\/02\/El-Zanaati-Olan-Comlekcilik-Mesleginin-Yeniden-Canlandirilmasi-icin-Calismalar-Basladi-nrt-gayrimenkul-1.jpg\" alt=\"\" width=\"275\" height=\"183\" \/><\/p>\n<p>&nbsp;<\/p>\n<p>Konya&#8217;n\u0131n Bey\u015fehir il\u00e7esinde, g\u00fcn\u00fcm\u00fczde kaybolan \u00e7\u00f6mlek\u00e7ilik mesle\u011finin yeniden canland\u0131r\u0131lmas\u0131 i\u00e7in \u00e7al\u0131\u015fmalar ba\u015flat\u0131ld\u0131\u011f\u0131 bildirildi.<\/p>\n<p>Yeni\u00a0Nesil\u00a0E\u011fitim Derne\u011fi (YENDER) Kurucu \u00dcyesi ve K\u00fclt\u00fcr ve\u00a0Turizm\u00a0Bakanl\u0131\u011f\u0131 Geleneksel El Sanatlar\u0131 Sanatk\u00e2r\u0131 Osman Y\u0131ld\u0131z, \u00e7\u00f6mlek\u00e7ilik mesle\u011finin, Anadolu&#8217;da M.\u00d6. 2000&#8217;li y\u0131llardan bu yana var oldu\u011funu hat\u0131rlatarak,\u00a0Hititler\u00a0d\u00f6neminden kalma bir meslek oldu\u011funu kaydetti.<\/p>\n<p><img loading=\"lazy\" decoding=\"async\" class=\"alignnone size-full wp-image-415\" src=\"https:\/\/nrtgayrimenkul.com.tr\/nrtblog\/wp-content\/uploads\/2021\/02\/El-Zanaati-Olan-Comlekcilik-Mesleginin-Yeniden-Canlandirilmasi-icin-Calismalar-Basladi-nrt-gayrimenkul.jpg\" alt=\"\" width=\"227\" height=\"222\" \/><\/p>\n<p>Osman Y\u0131ld\u0131z: Hititler taraf\u0131ndan yap\u0131lan bir el zanaat\u0131 olan \u00e7\u00f6mlek\u00e7ili\u011fin tarihte Bey\u015fehir a\u00e7\u0131s\u0131ndan da \u00f6nemli bir yer tuttu\u011funa dikkati \u00e7ekti ve ekledi.<\/p>\n<p>&nbsp;<\/p>\n<p>&#8220;Bey\u015fehir y\u00f6resi, Hitit k\u00fclt\u00fcr\u00fcn\u00fcn \u00e7ok \u00f6nemli bir merkezi oldu\u011fu i\u00e7in \u00e7\u00f6mlek\u00e7ili\u011fin de asl\u0131nda Anadolu&#8217;da \u00e7ok \u00f6nemli merkezlerinden birisidir. Ama g\u00fcn\u00fcm\u00fczde bu meslek kaybolmu\u015ftur. K\u00fclt\u00fcr varl\u0131klar\u0131m\u0131zdan bu zanaat\u0131n kaybolmas\u0131 \u00e7\u00f6mlek sanat\u0131 e\u011fitiminde usta \u00e7\u0131rak y\u00f6nteminin kaybolmas\u0131ndan kaynaklanmaktad\u0131r. Bu y\u00f6rede bu y\u00fczden \u00e7\u00f6mlek\u00e7ili\u011fin g\u00fcn\u00fcm\u00fczde yok oldu\u011funu g\u00f6r\u00fcyoruz.&#8221; dedi.<\/p>\n<p>Y\u0131ld\u0131z, ge\u00e7ti\u011fimiz g\u00fcnlerde Bey\u015fehir&#8217;de yapt\u0131klar\u0131 uzaktan e\u011fitim \u00e7al\u0131\u015fmas\u0131yla \u00f6zel \u00e7ocuklara uzaktan e\u011fitimle \u00e7\u00f6mlek\u00e7ilik sanat\u0131n\u0131 anlatt\u0131klar\u0131n\u0131 da belirterek, &#8220;Bey\u015fehir ve \u00e7evresinde ba\u015fta \u00e7\u00f6mlek\u00e7ilik olmak \u00fczere geleneksel el sanatlar\u0131n\u0131 yeniden ye\u015fertmek ve gelecek nesillere aktarmak i\u00e7in birtak\u0131m \u00e7al\u0131\u015fmalar i\u00e7erisindeyiz.&#8221; ifadesini kulland\u0131.<\/p>\n<p><img loading=\"lazy\" decoding=\"async\" class=\"alignnone size-full wp-image-417\" src=\"https:\/\/nrtgayrimenkul.com.tr\/nrtblog\/wp-content\/uploads\/2021\/02\/El-Zanaati-Olan-Comlekcilik-Mesleginin-Yeniden-Canlandirilmasi-icin-Calismalar-Basladi.-nrt-gayrimenkul.jpg\" alt=\"\" width=\"660\" height=\"350\" \/><\/p>\n","protected":false},"excerpt":{"rendered":"<p>&nbsp; Konya&#8217;n\u0131n Bey\u015fehir il\u00e7esinde, g\u00fcn\u00fcm\u00fczde kaybolan \u00e7\u00f6mlek\u00e7ilik mesle\u011finin yeniden canland\u0131r\u0131lmas\u0131 i\u00e7in \u00e7al\u0131\u015fmalar ba\u015flat\u0131ld\u0131\u011f\u0131 bildirildi. Yeni\u00a0Nesil\u00a0E\u011fitim Derne\u011fi (YENDER) Kurucu \u00dcyesi ve K\u00fclt\u00fcr ve\u00a0Turizm\u00a0Bakanl\u0131\u011f\u0131 Geleneksel El Sanatlar\u0131 Sanatk\u00e2r\u0131 Osman Y\u0131ld\u0131z, \u00e7\u00f6mlek\u00e7ilik mesle\u011finin, Anadolu&#8217;da M.\u00d6. 2000&#8217;li y\u0131llardan bu yana var oldu\u011funu hat\u0131rlatarak,\u00a0Hititler\u00a0d\u00f6neminden kalma bir meslek oldu\u011funu kaydetti. Osman Y\u0131ld\u0131z: Hititler taraf\u0131ndan yap\u0131lan bir el zanaat\u0131 olan \u00e7\u00f6mlek\u00e7ili\u011fin tarihte [&hellip;]<\/p>\n","protected":false},"author":2,"featured_media":416,"comment_status":"open","ping_status":"open","sticky":false,"template":"","format":"standard","meta":{"om_disable_all_campaigns":false,"_monsterinsights_skip_tracking":false,"_monsterinsights_sitenote_active":false,"_monsterinsights_sitenote_note":"","_monsterinsights_sitenote_category":0,"_uf_show_specific_survey":0,"_uf_disable_surveys":false,"footnotes":""},"categories":[20],"tags":[],"class_list":["post-414","post","type-post","status-publish","format-standard","has-post-thumbnail","hentry","category-yerel-haberler"],"aioseo_notices":[],"_links":{"self":[{"href":"https:\/\/nrtgayrimenkul.com.tr\/nrtblog\/wp-json\/wp\/v2\/posts\/414","targetHints":{"allow":["GET"]}}],"collection":[{"href":"https:\/\/nrtgayrimenkul.com.tr\/nrtblog\/wp-json\/wp\/v2\/posts"}],"about":[{"href":"https:\/\/nrtgayrimenkul.com.tr\/nrtblog\/wp-json\/wp\/v2\/types\/post"}],"author":[{"embeddable":true,"href":"https:\/\/nrtgayrimenkul.com.tr\/nrtblog\/wp-json\/wp\/v2\/users\/2"}],"replies":[{"embeddable":true,"href":"https:\/\/nrtgayrimenkul.com.tr\/nrtblog\/wp-json\/wp\/v2\/comments?post=414"}],"version-history":[{"count":1,"href":"https:\/\/nrtgayrimenkul.com.tr\/nrtblog\/wp-json\/wp\/v2\/posts\/414\/revisions"}],"predecessor-version":[{"id":527,"href":"https:\/\/nrtgayrimenkul.com.tr\/nrtblog\/wp-json\/wp\/v2\/posts\/414\/revisions\/527"}],"wp:featuredmedia":[{"embeddable":true,"href":"https:\/\/nrtgayrimenkul.com.tr\/nrtblog\/wp-json\/wp\/v2\/media\/416"}],"wp:attachment":[{"href":"https:\/\/nrtgayrimenkul.com.tr\/nrtblog\/wp-json\/wp\/v2\/media?parent=414"}],"wp:term":[{"taxonomy":"category","embeddable":true,"href":"https:\/\/nrtgayrimenkul.com.tr\/nrtblog\/wp-json\/wp\/v2\/categories?post=414"},{"taxonomy":"post_tag","embeddable":true,"href":"https:\/\/nrtgayrimenkul.com.tr\/nrtblog\/wp-json\/wp\/v2\/tags?post=414"}],"curies":[{"name":"wp","href":"https:\/\/api.w.org\/{rel}","templated":true}]}}